{"id":974,"date":"2024-05-18T09:52:04","date_gmt":"2024-05-18T09:52:04","guid":{"rendered":"https:\/\/cestaf.centre.ubbcluj.ro\/?p=974"},"modified":"2024-05-18T09:52:04","modified_gmt":"2024-05-18T09:52:04","slug":"conference-avatars-de-la-feminite-dans-lafrique-subsaharienne-a-travers-le-roman-christine-disaie-biton-koulibaly","status":"publish","type":"post","link":"https:\/\/cestaf.centre.ubbcluj.ro\/?p=974","title":{"rendered":"Conf\u00e9rence : Avatars de la f\u00e9minit\u00e9 dans l\u2019Afrique subsaharienne, \u00e0 travers le roman \u00ab\u00a0Christine\u00a0\u00bb d\u2019Isa\u00efe Biton Koulibaly"},"content":{"rendered":"<p><img loading=\"lazy\" decoding=\"async\" class=\"wp-image-973 alignleft\" src=\"http:\/\/cestaf.centre.ubbcluj.ro\/wp-content\/uploads\/2024\/05\/Affiche-Chandra-Feupeussi-212x300.jpg\" alt=\"\" width=\"413\" height=\"584\" srcset=\"https:\/\/cestaf.centre.ubbcluj.ro\/wp-content\/uploads\/2024\/05\/Affiche-Chandra-Feupeussi-212x300.jpg 212w, https:\/\/cestaf.centre.ubbcluj.ro\/wp-content\/uploads\/2024\/05\/Affiche-Chandra-Feupeussi-724x1024.jpg 724w, https:\/\/cestaf.centre.ubbcluj.ro\/wp-content\/uploads\/2024\/05\/Affiche-Chandra-Feupeussi-768x1086.jpg 768w, https:\/\/cestaf.centre.ubbcluj.ro\/wp-content\/uploads\/2024\/05\/Affiche-Chandra-Feupeussi-1086x1536.jpg 1086w, https:\/\/cestaf.centre.ubbcluj.ro\/wp-content\/uploads\/2024\/05\/Affiche-Chandra-Feupeussi-1448x2048.jpg 1448w, https:\/\/cestaf.centre.ubbcluj.ro\/wp-content\/uploads\/2024\/05\/Affiche-Chandra-Feupeussi-1200x1698.jpg 1200w, https:\/\/cestaf.centre.ubbcluj.ro\/wp-content\/uploads\/2024\/05\/Affiche-Chandra-Feupeussi.jpg 1587w\" sizes=\"auto, (max-width: 413px) 100vw, 413px\" \/><\/p>\n<p>Nous avons le plaisir de vous inviter lundi 20 mai, 18h, salle Balzac,\u00a0Facult\u00e9 des Lettres (31 rue Horea),\u00a0\u00e0 la conf\u00e9rence donn\u00e9e par drd. <strong>Chandra Feupeussi<\/strong> (Universit\u00e9 C\u00f4te d\u2019Azur, France), intitul\u00e9e \u201eAvatars de la f\u00e9minit\u00e9 dans l\u2019Afrique subsaharienne, \u00e0 travers le roman \u00ab\u00a0Christine\u00a0\u00bb d\u2019Isa\u00efe Biton Koulibaly\u201d.<\/p>\n","protected":false},"excerpt":{"rendered":"<p>Nous avons le plaisir de vous inviter lundi 20 mai, 18h, salle Balzac,\u00a0Facult\u00e9 des Lettres (31 rue Horea),\u00a0\u00e0 la conf\u00e9rence donn\u00e9e par drd. Chandra Feupeussi [&#8230;]<\/p>\n","protected":false},"author":1,"featured_media":973,"comment_status":"closed","ping_status":"closed","sticky":false,"template":"","format":"standard","meta":{"footnotes":""},"categories":[12],"tags":[],"class_list":["post-974","post","type-post","status-publish","format-standard","has-post-thumbnail","hentry","category-invitation"],"_links":{"self":[{"href":"https:\/\/cestaf.centre.ubbcluj.ro\/index.php?rest_route=\/wp\/v2\/posts\/974","targetHints":{"allow":["GET"]}}],"collection":[{"href":"https:\/\/cestaf.centre.ubbcluj.ro\/index.php?rest_route=\/wp\/v2\/posts"}],"about":[{"href":"https:\/\/cestaf.centre.ubbcluj.ro\/index.php?rest_route=\/wp\/v2\/types\/post"}],"author":[{"embeddable":true,"href":"https:\/\/cestaf.centre.ubbcluj.ro\/index.php?rest_route=\/wp\/v2\/users\/1"}],"replies":[{"embeddable":true,"href":"https:\/\/cestaf.centre.ubbcluj.ro\/index.php?rest_route=%2Fwp%2Fv2%2Fcomments&post=974"}],"version-history":[{"count":1,"href":"https:\/\/cestaf.centre.ubbcluj.ro\/index.php?rest_route=\/wp\/v2\/posts\/974\/revisions"}],"predecessor-version":[{"id":975,"href":"https:\/\/cestaf.centre.ubbcluj.ro\/index.php?rest_route=\/wp\/v2\/posts\/974\/revisions\/975"}],"wp:featuredmedia":[{"embeddable":true,"href":"https:\/\/cestaf.centre.ubbcluj.ro\/index.php?rest_route=\/wp\/v2\/media\/973"}],"wp:attachment":[{"href":"https:\/\/cestaf.centre.ubbcluj.ro\/index.php?rest_route=%2Fwp%2Fv2%2Fmedia&parent=974"}],"wp:term":[{"taxonomy":"category","embeddable":true,"href":"https:\/\/cestaf.centre.ubbcluj.ro\/index.php?rest_route=%2Fwp%2Fv2%2Fcategories&post=974"},{"taxonomy":"post_tag","embeddable":true,"href":"https:\/\/cestaf.centre.ubbcluj.ro\/index.php?rest_route=%2Fwp%2Fv2%2Ftags&post=974"}],"curies":[{"name":"wp","href":"https:\/\/api.w.org\/{rel}","templated":true}]}}