{"id":1183,"date":"2026-05-20T12:21:41","date_gmt":"2026-05-20T12:21:41","guid":{"rendered":"https:\/\/cestaf.centre.ubbcluj.ro\/?p=1183"},"modified":"2026-05-20T12:27:14","modified_gmt":"2026-05-20T12:27:14","slug":"lancement-de-livre-militarisation-de-la-vie-politique-en-afrique","status":"publish","type":"post","link":"https:\/\/cestaf.centre.ubbcluj.ro\/?p=1183","title":{"rendered":"Lancement de livre : Militarisation de la vie politique en Afrique"},"content":{"rendered":"<p><img loading=\"lazy\" decoding=\"async\" class=\"wp-image-1184 alignnone\" src=\"http:\/\/cestaf.centre.ubbcluj.ro\/wp-content\/uploads\/2026\/05\/Affiche-Militaires-232x300.jpg\" alt=\"\" width=\"659\" height=\"852\" srcset=\"https:\/\/cestaf.centre.ubbcluj.ro\/wp-content\/uploads\/2026\/05\/Affiche-Militaires-232x300.jpg 232w, https:\/\/cestaf.centre.ubbcluj.ro\/wp-content\/uploads\/2026\/05\/Affiche-Militaires-791x1024.jpg 791w, https:\/\/cestaf.centre.ubbcluj.ro\/wp-content\/uploads\/2026\/05\/Affiche-Militaires-768x994.jpg 768w, https:\/\/cestaf.centre.ubbcluj.ro\/wp-content\/uploads\/2026\/05\/Affiche-Militaires-1187x1536.jpg 1187w, https:\/\/cestaf.centre.ubbcluj.ro\/wp-content\/uploads\/2026\/05\/Affiche-Militaires-1583x2048.jpg 1583w, https:\/\/cestaf.centre.ubbcluj.ro\/wp-content\/uploads\/2026\/05\/Affiche-Militaires-1200x1553.jpg 1200w, https:\/\/cestaf.centre.ubbcluj.ro\/wp-content\/uploads\/2026\/05\/Affiche-Militaires.jpg 1700w\" sizes=\"auto, (max-width: 659px) 100vw, 659px\" \/><\/p>\n<h4 class=\"product-title product_title entry-title\"><a href=\"https:\/\/www.casacartii.ro\/editura\/carte\/militarisation-de-la-vie-politique-en-afrique-frontieres-et-distance-avec-la-democratie\/\" target=\"_blank\" rel=\"noopener\">Militarisation de la vie politique en Afrique: fronti\u00e8res et distance avec la d\u00e9mocratie : <span data-olk-copy-source=\"MessageBody\">fronti\u00e8res et distance avec la d\u00e9mocratie<\/span><\/a><\/h4>\n<p>Par S\u00e8dagban Hygin Faust KAKA\u00cf et Sergiu MI\u0218COIU (dir.)<br \/>\nPr\u00e9face par S.E. Amadou DIONGUE, Repr\u00e9sentant R\u00e9sident de la CEDEAO pr\u00e8s la R\u00e9publique du B\u00e9nin<br \/>\nEd. Casa C\u0103r\u021bii de \u0218tiin\u021b\u0103, coll. \u00ab Afrika \u00bb, 2026, 480 p.<br \/>\nLe livre sera pr\u00e9sent\u00e9 par Ghislain L. OLORY-TOGBE, Docteur en Science Politique, Universit\u00e9 Gaston Berger (S\u00e9n\u00e9gal)<\/p>\n<p>Lien de connexion :\u00a0<strong><a id=\"OWA314b95a9-c47c-f8a4-339e-f6d6deeed760\" class=\"x_x1i10hfl x_xjbqb8w x_x1ejq31n x_x18oe1m7 x_x1sy0etr x_xstzfhl x_x972fbf x_x10w94by x_x1qhh985 x_x14e42zd x_x9f619 x_x1ypdohk x_xt0psk2 x_x3ct3a4 x_xdj266r x_x14z9mp x_xat24cr x_x1lziwak x_xexx8yu x_xyri2b x_x18d9i69 x_x1c1uobl x_x16tdsg8 x_x1hl2dhg x_xggy1nq x_x1a2a7pz x_xkrqix3 x_x1sur9pj x_x1fey0fg x_x1s688f x_OWAAutoLink\" title=\"Original URL: https:\/\/zoom.us\/j\/99275716492?fbclid=IwZXh0bgNhZW0CMTAAYnJpZBExN1gwVGVLd3NjQWs2cHQ5NHNydGMGYXBwX2lkEDIyMjAzOTE3ODgyMDA4OTIAAR5cU_CTeI4RHbX1mNCMi4K5WQaiRmYhoFFHtRudEiNtLYJo1w2sdMkrbQQgYg_aem_lnIlU8nj3q8IEZQsq8ytDA. Click or tap if you trust this link.\" href=\"https:\/\/eur01.safelinks.protection.outlook.com\/?url=https%3A%2F%2Fzoom.us%2Fj%2F99275716492%3Ffbclid%3DIwZXh0bgNhZW0CMTAAYnJpZBExN1gwVGVLd3NjQWs2cHQ5NHNydGMGYXBwX2lkEDIyMjAzOTE3ODgyMDA4OTIAAR5cU_CTeI4RHbX1mNCMi4K5WQaiRmYhoFFHtRudEiNtLYJo1w2sdMkrbQQgYg_aem_lnIlU8nj3q8IEZQsq8ytDA&amp;data=05%7C02%7Cserban.vaetisi%40ubbcluj.ro%7C7d999fe7675d40fc123208deb63bc6c8%7C5a4863ed40c84fd58298fbfdb7f13095%7C0%7C0%7C639148565441255187%7CUnknown%7CTWFpbGZsb3d8eyJFbXB0eU1hcGkiOnRydWUsIlYiOiIwLjAuMDAwMCIsIlAiOiJXaW4zMiIsIkFOIjoiTWFpbCIsIldUIjoyfQ%3D%3D%7C0%7C%7C%7C&amp;sdata=NGX%2BMhfJKlPe9y2PIsvnc2Kne62TR11wtmR4wWndkyg%3D&amp;reserved=0\" target=\"_blank\" rel=\"nofollow noreferrer noopener\" data-auth=\"NotApplicable\" data-linkindex=\"0\">https:\/\/zoom.us\/j\/99275716492<\/a><\/strong><\/p>\n<p><span data-olk-copy-source=\"MessageBody\">Mardi 26 mai 2026, 17h (B\u00e9nin) = 18h (France) = 19h (Roumanie)<\/span><\/p>\n","protected":false},"excerpt":{"rendered":"<p>Militarisation de la vie politique en Afrique: fronti\u00e8res et distance avec la d\u00e9mocratie : fronti\u00e8res et distance avec la d\u00e9mocratie Par S\u00e8dagban Hygin Faust KAKA\u00cf [&#8230;]<\/p>\n","protected":false},"author":1,"featured_media":1182,"comment_status":"closed","ping_status":"closed","sticky":false,"template":"","format":"standard","meta":{"footnotes":""},"categories":[17],"tags":[],"class_list":["post-1183","post","type-post","status-publish","format-standard","has-post-thumbnail","hentry","category-lancement"],"_links":{"self":[{"href":"https:\/\/cestaf.centre.ubbcluj.ro\/index.php?rest_route=\/wp\/v2\/posts\/1183","targetHints":{"allow":["GET"]}}],"collection":[{"href":"https:\/\/cestaf.centre.ubbcluj.ro\/index.php?rest_route=\/wp\/v2\/posts"}],"about":[{"href":"https:\/\/cestaf.centre.ubbcluj.ro\/index.php?rest_route=\/wp\/v2\/types\/post"}],"author":[{"embeddable":true,"href":"https:\/\/cestaf.centre.ubbcluj.ro\/index.php?rest_route=\/wp\/v2\/users\/1"}],"replies":[{"embeddable":true,"href":"https:\/\/cestaf.centre.ubbcluj.ro\/index.php?rest_route=%2Fwp%2Fv2%2Fcomments&post=1183"}],"version-history":[{"count":6,"href":"https:\/\/cestaf.centre.ubbcluj.ro\/index.php?rest_route=\/wp\/v2\/posts\/1183\/revisions"}],"predecessor-version":[{"id":1191,"href":"https:\/\/cestaf.centre.ubbcluj.ro\/index.php?rest_route=\/wp\/v2\/posts\/1183\/revisions\/1191"}],"wp:featuredmedia":[{"embeddable":true,"href":"https:\/\/cestaf.centre.ubbcluj.ro\/index.php?rest_route=\/wp\/v2\/media\/1182"}],"wp:attachment":[{"href":"https:\/\/cestaf.centre.ubbcluj.ro\/index.php?rest_route=%2Fwp%2Fv2%2Fmedia&parent=1183"}],"wp:term":[{"taxonomy":"category","embeddable":true,"href":"https:\/\/cestaf.centre.ubbcluj.ro\/index.php?rest_route=%2Fwp%2Fv2%2Fcategories&post=1183"},{"taxonomy":"post_tag","embeddable":true,"href":"https:\/\/cestaf.centre.ubbcluj.ro\/index.php?rest_route=%2Fwp%2Fv2%2Ftags&post=1183"}],"curies":[{"name":"wp","href":"https:\/\/api.w.org\/{rel}","templated":true}]}}