{"id":1176,"date":"2026-03-13T09:59:36","date_gmt":"2026-03-13T09:59:36","guid":{"rendered":"https:\/\/cestaf.centre.ubbcluj.ro\/?p=1176"},"modified":"2026-03-13T09:59:36","modified_gmt":"2026-03-13T09:59:36","slug":"invitation-lecocritique-et-les-litteratures-africaines","status":"publish","type":"post","link":"https:\/\/cestaf.centre.ubbcluj.ro\/?p=1176","title":{"rendered":"Invitation \u00ab L\u2019\u00e9cocritique et les litt\u00e9ratures africaines \u00bb"},"content":{"rendered":"<p><img loading=\"lazy\" decoding=\"async\" class=\" wp-image-1175 alignleft\" src=\"http:\/\/cestaf.centre.ubbcluj.ro\/wp-content\/uploads\/2026\/03\/Affiche-Sara-Buekens-300x212.jpg\" alt=\"\" width=\"403\" height=\"285\" srcset=\"https:\/\/cestaf.centre.ubbcluj.ro\/wp-content\/uploads\/2026\/03\/Affiche-Sara-Buekens-300x212.jpg 300w, https:\/\/cestaf.centre.ubbcluj.ro\/wp-content\/uploads\/2026\/03\/Affiche-Sara-Buekens-1024x724.jpg 1024w, https:\/\/cestaf.centre.ubbcluj.ro\/wp-content\/uploads\/2026\/03\/Affiche-Sara-Buekens-768x543.jpg 768w, https:\/\/cestaf.centre.ubbcluj.ro\/wp-content\/uploads\/2026\/03\/Affiche-Sara-Buekens-1536x1086.jpg 1536w, https:\/\/cestaf.centre.ubbcluj.ro\/wp-content\/uploads\/2026\/03\/Affiche-Sara-Buekens-1200x848.jpg 1200w, https:\/\/cestaf.centre.ubbcluj.ro\/wp-content\/uploads\/2026\/03\/Affiche-Sara-Buekens.jpg 1754w\" sizes=\"auto, (max-width: 403px) 100vw, 403px\" \/>Nous vous invitons \u00e0 la conf\u00e9rence en ligne donn\u00e9e par<\/p>\n<p>Madame Sara BUEKENS<br \/>\nde Vrije Universiteit Brussel<br \/>\n<strong>\u00ab L\u2019\u00e9cocritique et les litt\u00e9ratures africaines \u00bb<\/strong><\/p>\n<p>Mercredi 18 mars 17h (de Paris)<br \/>\nConnexion zoom :<br \/>\n<a href=\"https:\/\/us06web.zoom.us\/j\/82674688254? pwd=abf9IWBu2ipjbtZX02luKgCrK5cLTh.1\">https:\/\/us06web.zoom.us\/j\/82674688254?<br \/>\npwd=abf9IWBu2ipjbtZX02luKgCrK5cLTh.1<\/a><\/p>\n","protected":false},"excerpt":{"rendered":"<p>Nous vous invitons \u00e0 la conf\u00e9rence en ligne donn\u00e9e par Madame Sara BUEKENS de Vrije Universiteit Brussel \u00ab L\u2019\u00e9cocritique et les litt\u00e9ratures africaines \u00bb Mercredi [&#8230;]<\/p>\n","protected":false},"author":1,"featured_media":1175,"comment_status":"closed","ping_status":"closed","sticky":false,"template":"","format":"standard","meta":{"footnotes":""},"categories":[12],"tags":[],"class_list":["post-1176","post","type-post","status-publish","format-standard","has-post-thumbnail","hentry","category-invitation"],"_links":{"self":[{"href":"https:\/\/cestaf.centre.ubbcluj.ro\/index.php?rest_route=\/wp\/v2\/posts\/1176","targetHints":{"allow":["GET"]}}],"collection":[{"href":"https:\/\/cestaf.centre.ubbcluj.ro\/index.php?rest_route=\/wp\/v2\/posts"}],"about":[{"href":"https:\/\/cestaf.centre.ubbcluj.ro\/index.php?rest_route=\/wp\/v2\/types\/post"}],"author":[{"embeddable":true,"href":"https:\/\/cestaf.centre.ubbcluj.ro\/index.php?rest_route=\/wp\/v2\/users\/1"}],"replies":[{"embeddable":true,"href":"https:\/\/cestaf.centre.ubbcluj.ro\/index.php?rest_route=%2Fwp%2Fv2%2Fcomments&post=1176"}],"version-history":[{"count":2,"href":"https:\/\/cestaf.centre.ubbcluj.ro\/index.php?rest_route=\/wp\/v2\/posts\/1176\/revisions"}],"predecessor-version":[{"id":1178,"href":"https:\/\/cestaf.centre.ubbcluj.ro\/index.php?rest_route=\/wp\/v2\/posts\/1176\/revisions\/1178"}],"wp:featuredmedia":[{"embeddable":true,"href":"https:\/\/cestaf.centre.ubbcluj.ro\/index.php?rest_route=\/wp\/v2\/media\/1175"}],"wp:attachment":[{"href":"https:\/\/cestaf.centre.ubbcluj.ro\/index.php?rest_route=%2Fwp%2Fv2%2Fmedia&parent=1176"}],"wp:term":[{"taxonomy":"category","embeddable":true,"href":"https:\/\/cestaf.centre.ubbcluj.ro\/index.php?rest_route=%2Fwp%2Fv2%2Fcategories&post=1176"},{"taxonomy":"post_tag","embeddable":true,"href":"https:\/\/cestaf.centre.ubbcluj.ro\/index.php?rest_route=%2Fwp%2Fv2%2Ftags&post=1176"}],"curies":[{"name":"wp","href":"https:\/\/api.w.org\/{rel}","templated":true}]}}