{"id":116,"date":"2013-11-06T13:35:55","date_gmt":"2013-11-06T13:35:55","guid":{"rendered":"http:\/\/cestaf.centre.ubbcluj.ro\/?p=116"},"modified":"2017-02-25T09:30:36","modified_gmt":"2017-02-25T09:30:36","slug":"conference-debat-les-defis-des-pays-de-lafrique-occidentale-francophone","status":"publish","type":"post","link":"https:\/\/cestaf.centre.ubbcluj.ro\/?p=116","title":{"rendered":"Conf\u00e9rence-d\u00e9bat: \u00ab\u00a0Les d\u00e9fis des pays de l\u2019Afrique occidentale francophone\u00a0\u00bb"},"content":{"rendered":"<h4><strong><a href=\"http:\/\/cestaf.centre.ubbcluj.ro\/wp-content\/uploads\/2017\/02\/Defis.jpg\"><img loading=\"lazy\" decoding=\"async\" class=\" wp-image-310 alignleft\" src=\"http:\/\/cestaf.centre.ubbcluj.ro\/wp-content\/uploads\/2017\/02\/Defis-300x229.jpg\" alt=\"\" width=\"321\" height=\"245\" srcset=\"https:\/\/cestaf.centre.ubbcluj.ro\/wp-content\/uploads\/2017\/02\/Defis-300x229.jpg 300w, https:\/\/cestaf.centre.ubbcluj.ro\/wp-content\/uploads\/2017\/02\/Defis.jpg 737w\" sizes=\"auto, (max-width: 321px) 100vw, 321px\" \/><\/a>Invit\u00e9s:<\/strong><\/h4>\n<p><strong>Penda Mbow<\/strong>\u2013 Ministre Repr\u00e9sentant personnel du Pr\u00e9sident de la R\u00e9publique du S\u00e9n\u00e9gal aupr\u00e8s de la Francophonie<\/p>\n<p><strong>Hamidou Kass\u00e9<\/strong>\u2013 Conseiller Sp\u00e9cial du Pr\u00e9sident de la R\u00e9publique du S\u00e9n\u00e9gal, Pr\u00e9sident du Conseil Scientifique du 15e Sommet de la Francophonie<\/p>\n<p>Facult\u00e9 d`Etudes Europ\u00e9ennes, Salle\u00a0 Schuman;\u00a012 novembre 2013, \u00e0 partir de 17h<\/p>\n","protected":false},"excerpt":{"rendered":"<p>Invit\u00e9s: Penda Mbow\u2013 Ministre Repr\u00e9sentant personnel du Pr\u00e9sident de la R\u00e9publique du S\u00e9n\u00e9gal aupr\u00e8s de la Francophonie Hamidou Kass\u00e9\u2013 Conseiller Sp\u00e9cial du Pr\u00e9sident de la [&#8230;]<\/p>\n","protected":false},"author":1,"featured_media":310,"comment_status":"closed","ping_status":"closed","sticky":false,"template":"","format":"standard","meta":{"footnotes":""},"categories":[3],"tags":[],"class_list":["post-116","post","type-post","status-publish","format-standard","has-post-thumbnail","hentry","category-colloque"],"_links":{"self":[{"href":"https:\/\/cestaf.centre.ubbcluj.ro\/index.php?rest_route=\/wp\/v2\/posts\/116","targetHints":{"allow":["GET"]}}],"collection":[{"href":"https:\/\/cestaf.centre.ubbcluj.ro\/index.php?rest_route=\/wp\/v2\/posts"}],"about":[{"href":"https:\/\/cestaf.centre.ubbcluj.ro\/index.php?rest_route=\/wp\/v2\/types\/post"}],"author":[{"embeddable":true,"href":"https:\/\/cestaf.centre.ubbcluj.ro\/index.php?rest_route=\/wp\/v2\/users\/1"}],"replies":[{"embeddable":true,"href":"https:\/\/cestaf.centre.ubbcluj.ro\/index.php?rest_route=%2Fwp%2Fv2%2Fcomments&post=116"}],"version-history":[{"count":3,"href":"https:\/\/cestaf.centre.ubbcluj.ro\/index.php?rest_route=\/wp\/v2\/posts\/116\/revisions"}],"predecessor-version":[{"id":312,"href":"https:\/\/cestaf.centre.ubbcluj.ro\/index.php?rest_route=\/wp\/v2\/posts\/116\/revisions\/312"}],"wp:featuredmedia":[{"embeddable":true,"href":"https:\/\/cestaf.centre.ubbcluj.ro\/index.php?rest_route=\/wp\/v2\/media\/310"}],"wp:attachment":[{"href":"https:\/\/cestaf.centre.ubbcluj.ro\/index.php?rest_route=%2Fwp%2Fv2%2Fmedia&parent=116"}],"wp:term":[{"taxonomy":"category","embeddable":true,"href":"https:\/\/cestaf.centre.ubbcluj.ro\/index.php?rest_route=%2Fwp%2Fv2%2Fcategories&post=116"},{"taxonomy":"post_tag","embeddable":true,"href":"https:\/\/cestaf.centre.ubbcluj.ro\/index.php?rest_route=%2Fwp%2Fv2%2Ftags&post=116"}],"curies":[{"name":"wp","href":"https:\/\/api.w.org\/{rel}","templated":true}]}}